{"id":7425,"date":"2021-12-16T11:38:25","date_gmt":"2021-12-16T11:38:25","guid":{"rendered":"http:\/\/jeziki-stejejo.si\/?p=7425"},"modified":"2021-12-16T11:38:25","modified_gmt":"2021-12-16T11:38:25","slug":"clil-in-languages-other-than-english-successful-transitions-across-educational-stages-ecml-2020-2023","status":"publish","type":"post","link":"https:\/\/jeziki-stejejo.si\/de\/clil-in-languages-other-than-english-successful-transitions-across-educational-stages-ecml-2020-2023\/","title":{"rendered":"CLIL in languages other than English \u2013 Successful transitions across educational stages\u00a0(ECML, 2020-2023)"},"content":{"rendered":"<p class=\"x_MsoNormal\">V projektu\u00a0<i>CLIL in languages other than English \u2013 Successful transitions across educational stages<\/i>\u00a0(ECML, 2020-2023) v letu 2021\/2022 sodelujejo strokovnjaki za podro\u010dje CLIL-a iz 27 evropskih dr\u017eav. Slovenijo predstavlja prof. dr. Alja Lipavic O\u0161tir (UM Slovenija\/UCM Slova\u0161ka) iz strate\u0161kega tima projekta\u00a0<i>Jeziki \u0161tejejo<\/i>. Sodeluje v delovni skupini za izobra\u017eevanje u\u010diteljev za CLIL, v kateri je predstavila svoj koncept CLIL izobra\u017eevanja s poudarkom na izdelovanju modulov kot didakti\u010dnih gradiv za CLIL. Delo v skupinah se nadaljuje, tukaj je nekaj uvodnih informacij v angle\u0161\u010dini, franco\u0161\u010dini in nem\u0161\u010dini:<\/p>\n<p class=\"x_MsoNormal\"><span lang=\"EN-US\">Content and Language Integrated Learning (CLIL) is only found to a very limited extent in languages other than English. Transitions between levels of education are given very little attention. And CLIL is almost never linked to plurilingual education. <\/span><span lang=\"EN\">These are, in brief, the results of a questionnaire that was completed in the spring of 2021 by experts from 29 countries.<\/span><\/p>\n<p class=\"x_MsoNormal\"><span lang=\"EN\">The survey was developed by the project \u2018CLIL in languages other than English \u2013 Successful transitions across educational stages\u2019, supported by the European Centre for Modern Languages of the Council of Europe from 2020 to 2023.<\/span><\/p>\n<p class=\"x_MsoNormal\"><span lang=\"EN\">In the school year 2021\/22, 57 experts from 27 countries will form eight working groups and produce concrete materials to show ways in which CLIL LOTE transitions can be strengthened.<\/span><\/p>\n<p class=\"x_MsoNormal\"><span lang=\"EN\">These will consist of recommendations for the further development of curricula and teacher education, teaching materials that, among other things, build on the CEFR, portfolio examples, and suggestions for how to establish collaboration between schools, teachers and students at different levels of education.<\/span><\/p>\n<p class=\"x_MsoNormal\"><span lang=\"EN\">You can find the survey results and more information about the project here:<\/span><\/p>\n<p class=\"x_MsoNormal\"><span lang=\"DA\"><a href=\"http:\/\/www.ecml.at\/CLILLOTEtransitions\" target=\"_blank\" rel=\"noopener noreferrer\" data-auth=\"NotApplicable\" data-linkindex=\"0\"><span lang=\"EN-US\">www.ecml.at\/CLILLOTEtransitions<\/span><\/a><\/span><\/p>\n<p>&nbsp;<\/p>\n<p class=\"x_MsoNormal\"><span lang=\"EN-US\">L&#8217;enseignement d&#8217;une mati\u00e8re int\u00e9gr\u00e9 \u00e0 une langue \u00e9trang\u00e8re (EMILE) n&#8217;existe que dans une mesure tr\u00e8s limit\u00e9e dans\u00a0<\/span><span lang=\"FR\">d<\/span><span lang=\"EN-US\">es langues autres que l&#8217;anglais. Les transitions entre les niveaux d&#8217;enseignement sont rarement abord\u00e9es. Par ailleurs, l&#8217;EMILE n&#8217;est presque jamais li\u00e9 \u00e0 l&#8217;\u00e9ducation plurilingue. C&#8217;est ainsi que l&#8217;on peut r\u00e9sumer les r\u00e9sultats d&#8217;une enqu\u00eate \u00e0 laquelle ont r\u00e9pondu, au printemps 2021, des experts de 29 pays.<\/span><\/p>\n<p class=\"x_MsoNormal\"><span lang=\"EN-US\">L&#8217;enqu\u00eate a \u00e9t\u00e9 \u00e9labor\u00e9e dans le cadre du projet &#8220;EMILE dans d\u2019autres langues que l&#8217;anglais &#8211; Transitions r\u00e9ussies entre les diff<\/span><span lang=\"FR\">\u00e9rents\u00a0<\/span><span lang=\"EN-US\">niveaux d\u2019enseignement&#8221;.\u00a0<\/span><span lang=\"DA\">Le projet d<\/span><span lang=\"FR\">\u2019une dur\u00e9e de 4 ans (2020-2023)<\/span><span lang=\"DA\">\u00a0est soutenu par le Centre Europ\u00e9en pour les Langues Vivantes du Conseil de l\u2019Europe.<\/span><\/p>\n<p class=\"x_MsoNormal\"><span lang=\"DA\">Au cours de l&#8217;ann\u00e9e scolaire 2021\/22, 57 experts de 27 pays formeront des groupes de travail dans le but de produire des supports concrets afin d\u2019assurer la mise en place des transitions entre les niveaux d&#8217;enseignement lorsqu&#8217;on travaille avec l&#8217;EMILE dans d\u2019autres langues que l\u2019anglais. Ces transitions portent sur des recommandations pour la poursuite du d\u00e9veloppement des curricula et de la formation des enseignants, des supports p\u00e9dagogiques qui s&#8217;appuient notamment sur le CECR, des exemples de portfolio et des suggestions sur la mani\u00e8re d&#8217;\u00e9tablir une collaboration entre les \u00e9coles, les enseignants et les \u00e9l\u00e8ves entre les diff\u00e9rents niveaux d&#8217;enseignement.<\/span><\/p>\n<p class=\"x_MsoNormal\"><span lang=\"DA\">Vous pouvez trouver plus d&#8217;informations sur le projet et les r\u00e9sultats de l&#8217;enqu\u00eate ici :\u00a0<a href=\"http:\/\/www.ecml.at\/CLILLOTEtransitions\" target=\"_blank\" rel=\"noopener noreferrer\" data-auth=\"NotApplicable\" data-linkindex=\"1\">www.ecml.at\/CLILLOTEtransitions<\/a><u><\/u><\/span><\/p>\n<p class=\"x_MsoNormal\">\n<p>&nbsp;<\/p>\n<p class=\"x_MsoNormal\"><span lang=\"DE\">Umsetzungen von\u00a0<i>Content and Language Integrated Learning<\/i>\u00a0(CLIL) findet man nur in sehr geringem Ausma\u00df in anderen Sprachen als Englisch. \u00dcberg\u00e4nge zwischen Ausbildungsstufen werden nur selten ber\u00fccksichtigt und CLIL wird fast nie mit Mehrsprachigkeitsdidaktik verbunden. So kann man in aller K\u00fcrze die Ergebnisse unserer Fragebogenuntersuchung zusammenfassen, die im Fr\u00fchjahr 2021 von Expert*innen aus 29 L\u00e4ndern beantwortet wurde.<\/span><\/p>\n<p class=\"x_MsoNormal\"><span lang=\"DE\">Die Untersuchung wurde im Rahmen des Projekts \u201cCLIL in languages \u200b\u200bother than English &#8211; Successful transitions across educational stages\u201d\/\u201dCLIL in anderen Sprachen als Englisch \u2013 Erfolgreiche \u00dcberg\u00e4nge zwischen Ausbildungsstufen\u201d entwickelt, das vom Europ\u00e4ischen Fremdsprachenzentrum des Europarates im Zeitraum 2020-2023 unterst\u00fctzt wird.<\/span><\/p>\n<p class=\"x_MsoNormal\"><span lang=\"DE\">Im Schuljahr 2021\/2022 arbeiten 57 Expert*innen aus 27 L\u00e4ndern in Arbeitsgruppen zusammen, die \u00a0konkrete Materialien produzieren, um bessere \u00dcberg\u00e4nge zwischen den Ausbildungsstufen zu erm\u00f6glichen, wenn und vor allem indem mit CLIL-LOTE gearbeitet wird: Empfehlungen f\u00fcr die weitere Entwicklung von Curricula und Lehrerausbildung, Lehrmaterialien, die neben anderen Dingen, auch auf dem Gemeinsamen Europ\u00e4ischen Referenzrahmen (GER) aufbauen, Portfolio-Beispiele und Vorschl\u00e4ge, wie eine Zusammenarbeit zwischen Schulen, Lehrern und Studenten auf verschiedenen Ausbildungsstufen etabliert werden k\u00f6nnen.<\/span><\/p>\n<p class=\"x_MsoNormal\"><span lang=\"DE\">Weitere Informationen zum Projekt und die Untersuchungsresultate k\u00f6nnen hier eingesehen werden:\u00a0<\/span><span lang=\"DA\"><a href=\"http:\/\/www.ecml.at\/CLILLOTEtransitions\" target=\"_blank\" rel=\"noopener noreferrer\" data-auth=\"NotApplicable\" data-linkindex=\"2\"><span lang=\"DE\">www.ecml.at\/CLILLOTEtransitions<\/span><\/a><\/span><\/p>\n<p class=\"x_MsoNormal\"><span lang=\"DE\">\u00a0<\/span><\/p>\n","protected":false},"excerpt":{"rendered":"<p>V projektu\u00a0CLIL in languages other than English \u2013 Successful transitions across educational stages\u00a0(ECML, 2020-2023) v letu 2021\/2022 sodelujejo strokovnjaki za podro\u010dje CLIL-a iz 27 evropskih dr\u017eav. Slovenijo predstavlja prof. dr. Alja Lipavic O\u0161tir (UM Slovenija\/UCM Slova\u0161ka) iz strate\u0161kega tima projekta\u00a0Jeziki \u0161tejejo. Sodeluje v delovni skupini za izobra\u017eevanje u\u010diteljev za CLIL, v kateri je predstavila svoj [&hellip;]<\/p>\n","protected":false},"author":10,"featured_media":0,"comment_status":"closed","ping_status":"closed","sticky":false,"template":"","format":"standard","meta":[],"categories":[215,202,206],"zahtevnost":[],"jeziki":[],"ciljna-skupina":[],"tema":[],"vrsta-gradiva":[],"cilj":[],"vrsta-raziskave":[],"_links":{"self":[{"href":"https:\/\/jeziki-stejejo.si\/de\/wp-json\/wp\/v2\/posts\/7425\/"}],"collection":[{"href":"https:\/\/jeziki-stejejo.si\/de\/wp-json\/wp\/v2\/posts\/"}],"about":[{"href":"https:\/\/jeziki-stejejo.si\/de\/wp-json\/wp\/v2\/types\/post\/"}],"author":[{"embeddable":true,"href":"https:\/\/jeziki-stejejo.si\/de\/wp-json\/wp\/v2\/users\/10\/"}],"replies":[{"embeddable":true,"href":"https:\/\/jeziki-stejejo.si\/de\/wp-json\/wp\/v2\/comments\/?post=7425"}],"version-history":[{"count":2,"href":"https:\/\/jeziki-stejejo.si\/de\/wp-json\/wp\/v2\/posts\/7425\/revisions\/"}],"predecessor-version":[{"id":7427,"href":"https:\/\/jeziki-stejejo.si\/de\/wp-json\/wp\/v2\/posts\/7425\/revisions\/7427\/"}],"wp:attachment":[{"href":"https:\/\/jeziki-stejejo.si\/de\/wp-json\/wp\/v2\/media\/?parent=7425"}],"wp:term":[{"taxonomy":"category","embeddable":true,"href":"https:\/\/jeziki-stejejo.si\/de\/wp-json\/wp\/v2\/categories\/?post=7425"},{"taxonomy":"zahtevnost","embeddable":true,"href":"https:\/\/jeziki-stejejo.si\/de\/wp-json\/wp\/v2\/zahtevnost\/?post=7425"},{"taxonomy":"jeziki","embeddable":true,"href":"https:\/\/jeziki-stejejo.si\/de\/wp-json\/wp\/v2\/jeziki\/?post=7425"},{"taxonomy":"ciljna-skupina","embeddable":true,"href":"https:\/\/jeziki-stejejo.si\/de\/wp-json\/wp\/v2\/ciljna-skupina\/?post=7425"},{"taxonomy":"tema","embeddable":true,"href":"https:\/\/jeziki-stejejo.si\/de\/wp-json\/wp\/v2\/tema\/?post=7425"},{"taxonomy":"vrsta-gradiva","embeddable":true,"href":"https:\/\/jeziki-stejejo.si\/de\/wp-json\/wp\/v2\/vrsta-gradiva\/?post=7425"},{"taxonomy":"cilj","embeddable":true,"href":"https:\/\/jeziki-stejejo.si\/de\/wp-json\/wp\/v2\/cilj\/?post=7425"},{"taxonomy":"vrsta-raziskave","embeddable":true,"href":"https:\/\/jeziki-stejejo.si\/de\/wp-json\/wp\/v2\/vrsta-raziskave\/?post=7425"}],"curies":[{"name":"wp","href":"https:\/\/api.w.org\/{rel}","templated":true}]}}