{"id":8523,"date":"2023-01-18T10:27:20","date_gmt":"2023-01-18T10:27:20","guid":{"rendered":"https:\/\/jeziki-stejejo.si\/?p=8523"},"modified":"2023-01-18T10:28:14","modified_gmt":"2023-01-18T10:28:14","slug":"webinarji-tesol-kultiviranje-kriticnega-jezikovnega-ozavescanja-pri-pouku-anglescine-kot-tujega-jezika","status":"publish","type":"post","link":"https:\/\/jeziki-stejejo.si\/de\/webinarji-tesol-kultiviranje-kriticnega-jezikovnega-ozavescanja-pri-pouku-anglescine-kot-tujega-jezika\/","title":{"rendered":"Webinarji TESOL: kultiviranje kriti\u010dnega jezikovnega ozave\u0161\u010danja pri pouku angle\u0161\u010dine kot tujega jezika"},"content":{"rendered":"<div>\n<p>Mednarodno dru\u0161tvo TESOL bo konec meseca januarja za\u010delo serijo spletnih seminarjev na temo kultiviranja kriti\u010dnega jezikovnega ozave\u0161\u010danja pri pou\u010devanju angle\u0161\u010dine kot tujega jezika (&#8220;Cultivating Critical Language Awareness in TESOL&#8221;). Na spletnih webinarjih se bodo predstavili trije mladi raziskovalci jezikov. Dogodke bo vodila predsednica Zhongfeng Tian. Spodaj posredujemo letak za to serijo spletnih seminarjev, spodaj pa najdete \u0161e povezave za prijavo.<\/p>\n<p>Udele\u017eba na webinarjh je brezpla\u010dna, potrebno si je le ustvariti brezpla\u010den ra\u010dun TESOL (v kolikor ga \u0161e nimate), ter se prijaviti na dogodek\/-ke, ki vas zanima(jo).<\/p>\n<\/div>\n<div data-tid=\"messageBodyContainer\">\n<div data-tid=\"messageBodyContent\">\n<div><img loading=\"lazy\" class=\"alignnone size-medium wp-image-8524\" src=\"https:\/\/jeziki-stejejo.si\/wp-content\/uploads\/2023\/01\/prenos-225x300.png\" alt=\"\" width=\"225\" height=\"300\" srcset=\"https:\/\/jeziki-stejejo.si\/wp-content\/uploads\/2023\/01\/prenos-225x300.png 225w, https:\/\/jeziki-stejejo.si\/wp-content\/uploads\/2023\/01\/prenos-768x1024.png 768w, https:\/\/jeziki-stejejo.si\/wp-content\/uploads\/2023\/01\/prenos.png 900w\" sizes=\"(max-width: 225px) 100vw, 225px\" \/><\/div>\n<div>\n<div>\n<p>Program je torej naslednji (v oklepajih povezave do spletnih prijavnic):<\/p>\n<\/div>\n<\/div>\n<div>\n<div>31. 1. 2023: Anna Mendoza: https:\/\/bit.ly\/Anna_Mendoza (20.00-21.00 CET)<br \/>\n15. 2. 2023: Paul Meighan-Chiblow: https:\/\/bit.ly\/PaulMeighan-Chiblow (20.00-21.00 CET)<br \/>\n8. 3. 2023: Tasha Austin: https:\/\/bit.ly\/TashaAustin (18.00-19.00 CET)<\/p>\n<p>Vabljeni, da se pridru\u017eite in k udele\u017ebi povabite tudi kolege!<\/p><\/div>\n<\/div>\n<\/div>\n<\/div>\n","protected":false},"excerpt":{"rendered":"<p>Mednarodno dru\u0161tvo TESOL bo konec meseca januarja za\u010delo serijo spletnih seminarjev na temo kultiviranja kriti\u010dnega jezikovnega ozave\u0161\u010danja pri pou\u010devanju angle\u0161\u010dine kot tujega jezika (&#8220;Cultivating Critical Language Awareness in TESOL&#8221;). Na spletnih webinarjih se bodo predstavili trije mladi raziskovalci jezikov. Dogodke bo vodila predsednica Zhongfeng Tian. Spodaj posredujemo letak za to serijo spletnih seminarjev, spodaj pa [&hellip;]<\/p>\n","protected":false},"author":39,"featured_media":0,"comment_status":"closed","ping_status":"closed","sticky":false,"template":"","format":"standard","meta":[],"categories":[215,202],"zahtevnost":[],"jeziki":[],"ciljna-skupina":[],"tema":[],"vrsta-gradiva":[],"cilj":[],"vrsta-raziskave":[],"_links":{"self":[{"href":"https:\/\/jeziki-stejejo.si\/de\/wp-json\/wp\/v2\/posts\/8523\/"}],"collection":[{"href":"https:\/\/jeziki-stejejo.si\/de\/wp-json\/wp\/v2\/posts\/"}],"about":[{"href":"https:\/\/jeziki-stejejo.si\/de\/wp-json\/wp\/v2\/types\/post\/"}],"author":[{"embeddable":true,"href":"https:\/\/jeziki-stejejo.si\/de\/wp-json\/wp\/v2\/users\/39\/"}],"replies":[{"embeddable":true,"href":"https:\/\/jeziki-stejejo.si\/de\/wp-json\/wp\/v2\/comments\/?post=8523"}],"version-history":[{"count":2,"href":"https:\/\/jeziki-stejejo.si\/de\/wp-json\/wp\/v2\/posts\/8523\/revisions\/"}],"predecessor-version":[{"id":8531,"href":"https:\/\/jeziki-stejejo.si\/de\/wp-json\/wp\/v2\/posts\/8523\/revisions\/8531\/"}],"wp:attachment":[{"href":"https:\/\/jeziki-stejejo.si\/de\/wp-json\/wp\/v2\/media\/?parent=8523"}],"wp:term":[{"taxonomy":"category","embeddable":true,"href":"https:\/\/jeziki-stejejo.si\/de\/wp-json\/wp\/v2\/categories\/?post=8523"},{"taxonomy":"zahtevnost","embeddable":true,"href":"https:\/\/jeziki-stejejo.si\/de\/wp-json\/wp\/v2\/zahtevnost\/?post=8523"},{"taxonomy":"jeziki","embeddable":true,"href":"https:\/\/jeziki-stejejo.si\/de\/wp-json\/wp\/v2\/jeziki\/?post=8523"},{"taxonomy":"ciljna-skupina","embeddable":true,"href":"https:\/\/jeziki-stejejo.si\/de\/wp-json\/wp\/v2\/ciljna-skupina\/?post=8523"},{"taxonomy":"tema","embeddable":true,"href":"https:\/\/jeziki-stejejo.si\/de\/wp-json\/wp\/v2\/tema\/?post=8523"},{"taxonomy":"vrsta-gradiva","embeddable":true,"href":"https:\/\/jeziki-stejejo.si\/de\/wp-json\/wp\/v2\/vrsta-gradiva\/?post=8523"},{"taxonomy":"cilj","embeddable":true,"href":"https:\/\/jeziki-stejejo.si\/de\/wp-json\/wp\/v2\/cilj\/?post=8523"},{"taxonomy":"vrsta-raziskave","embeddable":true,"href":"https:\/\/jeziki-stejejo.si\/de\/wp-json\/wp\/v2\/vrsta-raziskave\/?post=8523"}],"curies":[{"name":"wp","href":"https:\/\/api.w.org\/{rel}","templated":true}]}}