{"id":8541,"date":"2023-01-25T12:53:17","date_gmt":"2023-01-25T12:53:17","guid":{"rendered":"https:\/\/jeziki-stejejo.si\/?p=8541"},"modified":"2023-01-25T12:53:17","modified_gmt":"2023-01-25T12:53:17","slug":"seminarji-oddelka-za-uporabno-jezikoslovje-univerze-warwick","status":"publish","type":"post","link":"https:\/\/jeziki-stejejo.si\/de\/seminarji-oddelka-za-uporabno-jezikoslovje-univerze-warwick\/","title":{"rendered":"Seminarji oddelka za uporabno jezikoslovje univerze Warwick"},"content":{"rendered":"<p>Vljudno vabljeni, da se udele\u017eite serije seminarjev na temo <u>pomembnosti jezika in kulture (Language. Culture. Matters)<\/u>, ki jih organizira oddelek za uporabno jezikoslovje univerze v Warwicku. Naslednji v seriji seminarjev bo potekal \u017ee <strong>danes, 25. 1., od 17.00 do 18.00<\/strong>, izvedla pa ga bo profesorica <strong>dr. Fiona Copland<\/strong> s predavanjem z naslovom Globalne prakse pri pou\u010devanju angle\u0161\u010dine za mlade u\u010dence (Global practices in teaching English to young learners).<\/p>\n<p>Na seminarjih se lahko pridru\u017eite na platformi MS Teams preko tele povezave: <u><a href=\"https:\/\/teams.microsoft.com\/l\/meetup-join\/19%3ameeting_NjZlMGFhMzYtZDJmZC00MDE3LWI3YTItNjc3Yjg5N2Q2MWU3%40thread.v2\/0?context=%7b%22Tid%22%3a%2209bacfbd-47ef-4465-9265-3546f2eaf6bc%22%2c%22Oid%22%3a%22d8b5a1b6-ecec-4b70-bed1-afe15513066a%22%7d\">Warwick Appplied Linguistics Seminar Series<\/a>.<\/u><\/p>\n<p>Organizatorji napro\u0161ajo, da se pove\u017eete malo pred za\u010detkom (ok. 16.55).<\/p>\n<p>Za ve\u010d prihajajo\u010dih seminarjev si oglejte spodnji na\u010drt. Izvle\u010dki seminarjev in \u017eivljenjepisi govorcev bodo posodobljeni tukaj: <u><a href=\"https:\/\/warwick.ac.uk\/fac\/soc\/al\/events\/seminarseries\/\">https:\/\/warwick.ac.uk\/fac\/soc\/al\/events\/seminarseries\/<\/a><\/u>.<\/p>\n","protected":false},"excerpt":{"rendered":"<p>Vljudno vabljeni, da se udele\u017eite serije seminarjev na temo pomembnosti jezika in kulture (Language. Culture. Matters), ki jih organizira oddelek za uporabno jezikoslovje univerze v Warwicku. Naslednji v seriji seminarjev bo potekal \u017ee danes, 25. 1., od 17.00 do 18.00, izvedla pa ga bo profesorica dr. Fiona Copland s predavanjem z naslovom Globalne prakse pri [&hellip;]<\/p>\n","protected":false},"author":39,"featured_media":0,"comment_status":"closed","ping_status":"closed","sticky":false,"template":"","format":"standard","meta":[],"categories":[215,202],"zahtevnost":[],"jeziki":[],"ciljna-skupina":[],"tema":[],"vrsta-gradiva":[],"cilj":[],"vrsta-raziskave":[],"_links":{"self":[{"href":"https:\/\/jeziki-stejejo.si\/de\/wp-json\/wp\/v2\/posts\/8541\/"}],"collection":[{"href":"https:\/\/jeziki-stejejo.si\/de\/wp-json\/wp\/v2\/posts\/"}],"about":[{"href":"https:\/\/jeziki-stejejo.si\/de\/wp-json\/wp\/v2\/types\/post\/"}],"author":[{"embeddable":true,"href":"https:\/\/jeziki-stejejo.si\/de\/wp-json\/wp\/v2\/users\/39\/"}],"replies":[{"embeddable":true,"href":"https:\/\/jeziki-stejejo.si\/de\/wp-json\/wp\/v2\/comments\/?post=8541"}],"version-history":[{"count":1,"href":"https:\/\/jeziki-stejejo.si\/de\/wp-json\/wp\/v2\/posts\/8541\/revisions\/"}],"predecessor-version":[{"id":8542,"href":"https:\/\/jeziki-stejejo.si\/de\/wp-json\/wp\/v2\/posts\/8541\/revisions\/8542\/"}],"wp:attachment":[{"href":"https:\/\/jeziki-stejejo.si\/de\/wp-json\/wp\/v2\/media\/?parent=8541"}],"wp:term":[{"taxonomy":"category","embeddable":true,"href":"https:\/\/jeziki-stejejo.si\/de\/wp-json\/wp\/v2\/categories\/?post=8541"},{"taxonomy":"zahtevnost","embeddable":true,"href":"https:\/\/jeziki-stejejo.si\/de\/wp-json\/wp\/v2\/zahtevnost\/?post=8541"},{"taxonomy":"jeziki","embeddable":true,"href":"https:\/\/jeziki-stejejo.si\/de\/wp-json\/wp\/v2\/jeziki\/?post=8541"},{"taxonomy":"ciljna-skupina","embeddable":true,"href":"https:\/\/jeziki-stejejo.si\/de\/wp-json\/wp\/v2\/ciljna-skupina\/?post=8541"},{"taxonomy":"tema","embeddable":true,"href":"https:\/\/jeziki-stejejo.si\/de\/wp-json\/wp\/v2\/tema\/?post=8541"},{"taxonomy":"vrsta-gradiva","embeddable":true,"href":"https:\/\/jeziki-stejejo.si\/de\/wp-json\/wp\/v2\/vrsta-gradiva\/?post=8541"},{"taxonomy":"cilj","embeddable":true,"href":"https:\/\/jeziki-stejejo.si\/de\/wp-json\/wp\/v2\/cilj\/?post=8541"},{"taxonomy":"vrsta-raziskave","embeddable":true,"href":"https:\/\/jeziki-stejejo.si\/de\/wp-json\/wp\/v2\/vrsta-raziskave\/?post=8541"}],"curies":[{"name":"wp","href":"https:\/\/api.w.org\/{rel}","templated":true}]}}