{"id":8561,"date":"2023-03-03T08:37:54","date_gmt":"2023-03-03T08:37:54","guid":{"rendered":"https:\/\/jeziki-stejejo.si\/?p=8561"},"modified":"2023-03-21T09:52:21","modified_gmt":"2023-03-21T09:52:21","slug":"8561","status":"publish","type":"post","link":"https:\/\/jeziki-stejejo.si\/de\/8561\/","title":{"rendered":"Predstavitev rezultatov projekta Razvoj sloven\u0161\u010dine v digitalnem okolju (RSDO)"},"content":{"rendered":"<p>Spo\u0161tovani,<\/p>\n<p>Univerza v Ljubljani, koordinatorica projekta\u00a0<strong>Razvoj sloven\u0161\u010dine v digitalnem okolju (RSDO)<\/strong>, vabi na\u00a0predstavitev\u00a0ob zaklju\u010dku projekta, ki bo\u00a0<strong>v ponedeljek, 6. marca 2023, ob 12. uri v Zborni\u010dni dvorani Univerze v Ljubljani (Kongresni trg 12).<\/strong><\/p>\n<p>O pomenu projekta bosta uvodoma spregovorila\u00a0<strong>prof. dr. Gregor Majdi\u010d<\/strong>, rektor Univerze v Ljubljani, in\u00a0<strong>Lenart J. Ku\u010di\u0107<\/strong>, svetovalec ministrice za kulturo za medije.\u00a0<strong>D<\/strong><strong>r. Simon Krek<\/strong>, vodja projekta RSDO, bo v nadaljevanju predstavil novo razvite tehnologije, kot so strojni prevajalnik za jezikovni par sloven\u0161\u010dina-angle\u0161\u010dina, razpoznavalnik govora za sloven\u0161\u010dino, aplikacije s podro\u010dja semanti\u010dnih tehnologij, npr. orodja za povzemanje, razpoznavanje pomenov besed in odgovarjanje na vpra\u0161anja, slovenski terminolo\u0161ki portal, nadgrajene jezikovne vire za podporo jezikovnim tehnologijam in \u0161tevilne druge projektne rezultate.<\/p>\n<p>\u00bbSloven\u0161\u010dina je manj raz\u0161irjen jezik in je v svetu porajajo\u010dih se jezikovnih tehnologij tako reko\u010d \u00bbakcidenca\u00ab; na to\u010dkah, kjer korporativnega interesa ne bo, tudi tehnologij ne bo,\u00ab ugotavlja prof. dr. Krek.\u00a0Na predstavitvi\u00a0se bo dotaknil aktualnih tem, kot so:<\/p>\n<ul>\n<li>Kako vemo, ali je neko besedilo generiral stroj ali ga je napisal \u010dlovek?<\/li>\n<li>Ali je pomembno, da so besedila v slovenskem jeziku napisana zgolj zato, da jih \u00bbpreberejo\u00ab veliki jezikovni modeli?<\/li>\n<li>Ali nam bo jezikovni standard dolo\u010dala umetna inteligenca ne glede na \u017eelje pravopiscev in pi\u0161o\u010dih?<\/li>\n<li>Ali bodo jezikovni modeli standardnega jezika slovenski, evropski ali korporativni severnoameri\u0161ki?<\/li>\n<\/ul>\n<p>Projekt, vreden 4 milijone evrov, sta financirala\u00a0<strong>Ministrstvo za kulturo in Evropski sklad za regionalni razvoj<\/strong>. Konzorcij projekta sestavlja dvanajst ustanov, med katerimi so najve\u010dje izobra\u017eevalne in raziskovalne organizacije v Sloveniji \u2013 tri univerze (poleg UL \u0161e Univerza v Mariboru in Univerza v Novi Gorici) in tri javne raziskovalne organizacije (Institut Jo\u017eef Stefan, Znanstvenoraziskovalni center SAZU in In\u0161titut za novej\u0161o zgodovino) \u2013 ter \u0161est podjetij (Alpineon, d.o.o., Amebis, d.o.o., Aikwit d.o.o., Vitasis, d.o.o., Slovenska tiskovna agencija d.o.o. in Po\u0161ta Slovenije d.o.o.).<\/p>\n<p>Rezultati projekta so dostopni na spletni strani:\u00a0<strong><a href=\"https:\/\/www.slovenscina.eu\/\">sloven\u0161\u010dina.eu<\/a>.<\/strong><\/p>\n<p>\u0160tevilo mest v Zborni\u010dni dvorani je omejeno, zato vas prosimo, da se\u00a0<strong><a href=\"https:\/\/docs.google.com\/forms\/d\/e\/1FAIpQLSfeu5XGM1T_EFy_wwRj4S2cYgbOUn2VTEVhe_wVMBhUMFDxgw\/viewform\">registrirate.<\/a><\/strong><\/p>\n<p>Dogodek bo v \u017eivo prena\u0161ala Slovenska tiskovna agencija \u2013 na\u00a0<strong><a href=\"https:\/\/vzivo.sta.si\/\">tej povezavi<\/a>.<\/strong><\/p>\n<p>Vljudno vabljeni!<\/p>\n<p>&nbsp;<\/p>\n<p>&nbsp;<\/p>\n","protected":false},"excerpt":{"rendered":"<p>Spo\u0161tovani, Univerza v Ljubljani, koordinatorica projekta\u00a0Razvoj sloven\u0161\u010dine v digitalnem okolju (RSDO), vabi na\u00a0predstavitev\u00a0ob zaklju\u010dku projekta, ki bo\u00a0v ponedeljek, 6. marca 2023, ob 12. uri v Zborni\u010dni dvorani Univerze v Ljubljani (Kongresni trg 12). O pomenu projekta bosta uvodoma spregovorila\u00a0prof. dr. Gregor Majdi\u010d, rektor Univerze v Ljubljani, in\u00a0Lenart J. Ku\u010di\u0107, svetovalec ministrice za kulturo za medije.\u00a0Dr. [&hellip;]<\/p>\n","protected":false},"author":39,"featured_media":0,"comment_status":"closed","ping_status":"closed","sticky":false,"template":"","format":"standard","meta":[],"categories":[202],"zahtevnost":[],"jeziki":[],"ciljna-skupina":[],"tema":[],"vrsta-gradiva":[],"cilj":[],"vrsta-raziskave":[],"_links":{"self":[{"href":"https:\/\/jeziki-stejejo.si\/de\/wp-json\/wp\/v2\/posts\/8561\/"}],"collection":[{"href":"https:\/\/jeziki-stejejo.si\/de\/wp-json\/wp\/v2\/posts\/"}],"about":[{"href":"https:\/\/jeziki-stejejo.si\/de\/wp-json\/wp\/v2\/types\/post\/"}],"author":[{"embeddable":true,"href":"https:\/\/jeziki-stejejo.si\/de\/wp-json\/wp\/v2\/users\/39\/"}],"replies":[{"embeddable":true,"href":"https:\/\/jeziki-stejejo.si\/de\/wp-json\/wp\/v2\/comments\/?post=8561"}],"version-history":[{"count":4,"href":"https:\/\/jeziki-stejejo.si\/de\/wp-json\/wp\/v2\/posts\/8561\/revisions\/"}],"predecessor-version":[{"id":8569,"href":"https:\/\/jeziki-stejejo.si\/de\/wp-json\/wp\/v2\/posts\/8561\/revisions\/8569\/"}],"wp:attachment":[{"href":"https:\/\/jeziki-stejejo.si\/de\/wp-json\/wp\/v2\/media\/?parent=8561"}],"wp:term":[{"taxonomy":"category","embeddable":true,"href":"https:\/\/jeziki-stejejo.si\/de\/wp-json\/wp\/v2\/categories\/?post=8561"},{"taxonomy":"zahtevnost","embeddable":true,"href":"https:\/\/jeziki-stejejo.si\/de\/wp-json\/wp\/v2\/zahtevnost\/?post=8561"},{"taxonomy":"jeziki","embeddable":true,"href":"https:\/\/jeziki-stejejo.si\/de\/wp-json\/wp\/v2\/jeziki\/?post=8561"},{"taxonomy":"ciljna-skupina","embeddable":true,"href":"https:\/\/jeziki-stejejo.si\/de\/wp-json\/wp\/v2\/ciljna-skupina\/?post=8561"},{"taxonomy":"tema","embeddable":true,"href":"https:\/\/jeziki-stejejo.si\/de\/wp-json\/wp\/v2\/tema\/?post=8561"},{"taxonomy":"vrsta-gradiva","embeddable":true,"href":"https:\/\/jeziki-stejejo.si\/de\/wp-json\/wp\/v2\/vrsta-gradiva\/?post=8561"},{"taxonomy":"cilj","embeddable":true,"href":"https:\/\/jeziki-stejejo.si\/de\/wp-json\/wp\/v2\/cilj\/?post=8561"},{"taxonomy":"vrsta-raziskave","embeddable":true,"href":"https:\/\/jeziki-stejejo.si\/de\/wp-json\/wp\/v2\/vrsta-raziskave\/?post=8561"}],"curies":[{"name":"wp","href":"https:\/\/api.w.org\/{rel}","templated":true}]}}