{"id":3888,"date":"2019-02-21T12:05:57","date_gmt":"2019-02-21T12:05:57","guid":{"rendered":"https:\/\/www.jeziki-stejejo.si\/?p=3888"},"modified":"2019-02-22T08:24:48","modified_gmt":"2019-02-22T08:24:48","slug":"3888","status":"publish","type":"post","link":"https:\/\/jeziki-stejejo.si\/hr\/3888\/","title":{"rendered":"Seminar: Ohranjanje in pou\u010devanje romskega jezika in kulture v vzgoji in izobra\u017eevanju"},"content":{"rendered":"<p>Spo\u0161tovani,<\/p>\n<p>Zavod Republike Slovenije za \u0161olstvo v sodelovanju z Ministrstvom za izobra\u017eevanje, znanost in \u0161port ter\u00a0<a href=\"https:\/\/www.ecml.at\/Home\/tabid\/59\/language\/en-GB\/Default.aspx\" target=\"_blank\" rel=\"noreferrer noopener\" data-auth=\"NotApplicable\">Evropskim centrom za moderne jezike v Gradcu<\/a>\u00a0vabi vodstvene in strokovne delavce v osnovnih in srednjih \u0161olah, romske pomo\u010dnike, izvajalce v ve\u010dnamenskih centrih, predstavnike (romskih) nevladnih organizacij ter drugo zainteresirano javnost na enodnevni seminar Ohranjanje in pou\u010devanje romskega jezika in kulture v vzgoji in izobra\u017eevanju.<\/p>\n<p>S seminarjem se \u017eelimo odzvati na<\/p>\n<ul type=\"disc\">\n<li>zagotavljanje enakih pravic do ohranjanja in uporabe maternega jezika v vzgoji in izobra\u017eevanju,<\/li>\n<li>izku\u0161nje v okviru evropskega projekta QualiRom in<\/li>\n<li>pomanjkanje ustreznih u\u010dnih gradiv, usposobljenih izvajalcev pouka romskega jezika in podpornih usmeritev za pou\u010devanje in u\u010denje romskega jezika in kulture.<\/li>\n<\/ul>\n<p>Seminar bo\u00a0v \u010detrtek, 7. marca 2019,\u00a0od 9. do 17.45,\u00a0 v M Hotelu Ljubljana, Der\u010deva 4, Ljubljana.<\/p>\n<p>Delovni jezik bo angle\u0161\u010dina. Udele\u017eencem bo zagotovljeno simultano prevajanje v sloven\u0161\u010dino.<\/p>\n<p>Kotizacije za seminar ni.\u00a0 Obvezne prijave preko\u00a0<a href=\"https:\/\/www.zrss.si\/prijava\/RomskiJezik\/\" target=\"_blank\" rel=\"noopener noreferrer\" data-auth=\"NotApplicable\">e-obrazca<\/a>.<\/p>\n<p><a href=\"https:\/\/www.zrss.si\/zrss\/wp-content\/uploads\/2019-03-07-program-ohranjanje-in-poucevanje-romskega-jezika-in-kulture-v-vzgoji-in-izobrazevanju.pdf\" target=\"_blank\" rel=\"noreferrer noopener\" data-auth=\"NotApplicable\">Program seminarja.<\/a><\/p>\n<p>Vabljeni!<\/p>\n","protected":false},"excerpt":{"rendered":"<p>Spo\u0161tovani, Zavod Republike Slovenije za \u0161olstvo v sodelovanju z Ministrstvom za izobra\u017eevanje, znanost in \u0161port ter\u00a0Evropskim centrom za moderne jezike v Gradcu\u00a0vabi vodstvene in strokovne delavce v osnovnih in srednjih \u0161olah, romske pomo\u010dnike, izvajalce v ve\u010dnamenskih centrih, predstavnike (romskih) nevladnih organizacij ter drugo zainteresirano javnost na enodnevni seminar Ohranjanje in pou\u010devanje romskega jezika in kulture [&hellip;]<\/p>\n","protected":false},"author":4,"featured_media":0,"comment_status":"closed","ping_status":"closed","sticky":false,"template":"","format":"standard","meta":[],"categories":[307,310],"zahtevnost":[],"jeziki":[],"ciljna-skupina":[],"tema":[],"vrsta-gradiva":[],"cilj":[],"vrsta-raziskave":[],"_links":{"self":[{"href":"https:\/\/jeziki-stejejo.si\/hr\/wp-json\/wp\/v2\/posts\/3888\/"}],"collection":[{"href":"https:\/\/jeziki-stejejo.si\/hr\/wp-json\/wp\/v2\/posts\/"}],"about":[{"href":"https:\/\/jeziki-stejejo.si\/hr\/wp-json\/wp\/v2\/types\/post\/"}],"author":[{"embeddable":true,"href":"https:\/\/jeziki-stejejo.si\/hr\/wp-json\/wp\/v2\/users\/4\/"}],"replies":[{"embeddable":true,"href":"https:\/\/jeziki-stejejo.si\/hr\/wp-json\/wp\/v2\/comments\/?post=3888"}],"version-history":[{"count":3,"href":"https:\/\/jeziki-stejejo.si\/hr\/wp-json\/wp\/v2\/posts\/3888\/revisions\/"}],"predecessor-version":[{"id":3992,"href":"https:\/\/jeziki-stejejo.si\/hr\/wp-json\/wp\/v2\/posts\/3888\/revisions\/3992\/"}],"wp:attachment":[{"href":"https:\/\/jeziki-stejejo.si\/hr\/wp-json\/wp\/v2\/media\/?parent=3888"}],"wp:term":[{"taxonomy":"category","embeddable":true,"href":"https:\/\/jeziki-stejejo.si\/hr\/wp-json\/wp\/v2\/categories\/?post=3888"},{"taxonomy":"zahtevnost","embeddable":true,"href":"https:\/\/jeziki-stejejo.si\/hr\/wp-json\/wp\/v2\/zahtevnost\/?post=3888"},{"taxonomy":"jeziki","embeddable":true,"href":"https:\/\/jeziki-stejejo.si\/hr\/wp-json\/wp\/v2\/jeziki\/?post=3888"},{"taxonomy":"ciljna-skupina","embeddable":true,"href":"https:\/\/jeziki-stejejo.si\/hr\/wp-json\/wp\/v2\/ciljna-skupina\/?post=3888"},{"taxonomy":"tema","embeddable":true,"href":"https:\/\/jeziki-stejejo.si\/hr\/wp-json\/wp\/v2\/tema\/?post=3888"},{"taxonomy":"vrsta-gradiva","embeddable":true,"href":"https:\/\/jeziki-stejejo.si\/hr\/wp-json\/wp\/v2\/vrsta-gradiva\/?post=3888"},{"taxonomy":"cilj","embeddable":true,"href":"https:\/\/jeziki-stejejo.si\/hr\/wp-json\/wp\/v2\/cilj\/?post=3888"},{"taxonomy":"vrsta-raziskave","embeddable":true,"href":"https:\/\/jeziki-stejejo.si\/hr\/wp-json\/wp\/v2\/vrsta-raziskave\/?post=3888"}],"curies":[{"name":"wp","href":"https:\/\/api.w.org\/{rel}","templated":true}]}}