{"id":6501,"date":"2021-06-16T20:38:19","date_gmt":"2021-06-16T20:38:19","guid":{"rendered":"https:\/\/www.jeziki-stejejo.si\/?p=6501"},"modified":"2021-06-16T20:38:19","modified_gmt":"2021-06-16T20:38:19","slug":"multilingual-childhoods","status":"publish","type":"post","link":"https:\/\/jeziki-stejejo.si\/hr\/multilingual-childhoods\/","title":{"rendered":"Multilingual childhoods"},"content":{"rendered":"<p>Pozdravljeni,<\/p>\n<p>vljudno vabljeni k branju posebne izdaje revije <em>EECERJ (European Early Childhood Education Journal) <\/em>z naslovom <em>Multilingual childhoods (Ve\u010djezi\u010dna otro\u0161tva)<\/em>. Uvodniku, ki tematizira ve\u010djezi\u010dne teme v zgodnjem otro\u0161tvu, sledi devet \u010dlankov. Nekateri med njimi so prosto dostopni in jih lahko najdete na povezavah spodaj.<\/p>\n<p><strong>Editorial<\/strong><\/p>\n<p><a href=\"https:\/\/eur04.safelinks.protection.outlook.com\/?url=http%3A%2F%2Furl310.tandfonline.com%2Fls%2Fclick%3Fupn%3Dodl8Fji2pFaByYDqV3bjGMQo8st9of2228V6AcSFNq2Y6MdAyQ17-2BnWCG-2BkDRzjf5YqYAejBtRTrfWqrA4t7XTWufDTeufiqQvtCWEohlcp8YCCyUX-2BTN0f716-2FJU9breQHl_13vmSgJjqZgmU-2FtxL09XKTNVe84sSURTenpqq-2BcJHAbHBC1Af3vxJ9oNlO5MUlPZVNKKB-2FqeKlnOkV6sFTvBPmpGXMYwGuQmmdkh-2BAW-2FnZh-2BjbX4baivCKJX-2FBdBzvcWKKHzZpPvBgRhGaq5g0iB1tHQUjcbKsyS6ZOn6fI-2FYrAUC3myg2TihlQCJSr8jH4JadkQKrrLs9uTo-2FaGWJOacUn-2FttDu4id4HpZfdfgejz4qQttWoyHLhfxTjVZe3PUGOqqzOB-2B-2BtI1-2BVNTRbbonqd3UWEEZQgmdZI1-2B2EgzS-2BptXjrH0ajP1jCLOnp1iJdC&amp;data=04%7C01%7C%7Ca7f703bb273a4e3eda7408d91f7e71ed%7Cd45cfa45904a497297413335dc0372b4%7C0%7C0%7C637575450206311824%7CUnknown%7CTWFpbGZsb3d8eyJWIjoiMC4wLjAwMDAiLCJQIjoiV2luMzIiLCJBTiI6Ik1haWwiLCJXVCI6Mn0%3D%7C1000&amp;sdata=ZmD0x1wlwDMLigcB%2BhgWl8hcUNWAB%2FBS%2BRKgXL7bdpA%3D&amp;reserved=0\" data-auth=\"NotApplicable\" data-linkindex=\"0\">Research into multilingual issues in ECEC contexts: proposing a transdisciplinary research field<\/a><br \/>\nGunhild Tomter Alstad &amp; Sandie Mour\u00e3o<br \/>\nPages: 1-17 | DOI: 10.1080\/1350293X.2021.1928845<\/p>\n<p><strong>Research Articles<\/strong><\/p>\n<p><a href=\"https:\/\/eur04.safelinks.protection.outlook.com\/?url=http%3A%2F%2Furl310.tandfonline.com%2Fls%2Fclick%3Fupn%3Dodl8Fji2pFaByYDqV3bjGMQo8st9of2228V6AcSFNq2Y6MdAyQ17-2BnWCG-2BkDRzjf5YqYAejBtRTrfWqrA4t7XQVG-2FfDfzFFh6qcOH4KB7PhlEfFToWk7o59sY7b4wITiRFgO_13vmSgJjqZgmU-2FtxL09XKTNVe84sSURTenpqq-2BcJHAbHBC1Af3vxJ9oNlO5MUlPZ0iqmlczlU8CFbXKrkSA9U8cdIXGof2CwLAkh0sWf5zpsSu7R-2BlVXhSt0HXV9cYSZbXPyEqnamOdRRXxKolSyrI-2FSVbaRus5cNfxFwcGjsLRBTIM-2FSg-2BfrMDy83KR1Myan-2BpfrXHxunc8IBE-2B4BLwC6-2B2wA3PiTyFmaGIJw6mCJ1OyggkSxm9Z5nv56tpUWrLIiXIH5Hn4NGuGYUHFwA-2Bs9jxoLXEoyxcVbJ7A-2BGhatk-3D&amp;data=04%7C01%7C%7C79ad1fb0dbe44a08a0e308d92031af6d%7Cd45cfa45904a497297413335dc0372b4%7C0%7C0%7C637576220050003551%7CUnknown%7CTWFpbGZsb3d8eyJWIjoiMC4wLjAwMDAiLCJQIjoiV2luMzIiLCJBTiI6Ik1haWwiLCJXVCI6Mn0%3D%7C3000&amp;sdata=8EfrJcnOKUqiBH1dIW3ZKlUkDtWa1Im7FlHscwpFIEQ%3D&amp;reserved=0\" data-auth=\"NotApplicable\" data-linkindex=\"1\">Practitioners\u2019 language-supporting strategies in multilingual ECE institutions in Luxembourg<\/a>\u00a0|<br \/>\nClaudine Kirsch<br \/>\nPages: 1-15 | DOI: 10.1080\/1350293X.2021.1928721<\/p>\n<p><a href=\"https:\/\/eur04.safelinks.protection.outlook.com\/?url=http%3A%2F%2Furl310.tandfonline.com%2Fls%2Fclick%3Fupn%3Dodl8Fji2pFaByYDqV3bjGMQo8st9of2228V6AcSFNq2Y6MdAyQ17-2BnWCG-2BkDRzjf5YqYAejBtRTrfWqrA4t7XbPtS48TUOoDmujC-2FgMnrgBLKOYkGAeN3uWeVmGBQPo-2B-aG0_13vmSgJjqZgmU-2FtxL09XKTNVe84sSURTenpqq-2BcJHAbHBC1Af3vxJ9oNlO5MUlPZY3L2a73Rn50Sb3GBLsn1YyPGh56QyCK9IXSu-2BrjIgWOaXo1tmJQmsJvMwCdzgbAC-2FpYZ28QogT8kBOxXQGzUYrfDvLNT4lS7ZRUoTt91EDyOzz-2B5-2FoRYBOA3H07j45VE0R0PFd03lK8aoXYUBbCJochIR9Opls-2BRXej1NvmyCinn4KrtJ5eghRPNYi-2FO39aIvT2e-2FzX2StO28JROn31JrzvmHl4geXKl6atP9ToQpWQ-3D&amp;data=04%7C01%7C%7C0e130a8a56bf4f776cef08d91c4634c3%7Cd45cfa45904a497297413335dc0372b4%7C0%7C0%7C637571910128619825%7CUnknown%7CTWFpbGZsb3d8eyJWIjoiMC4wLjAwMDAiLCJQIjoiV2luMzIiLCJBTiI6Ik1haWwiLCJXVCI6Mn0%3D%7C1000&amp;sdata=hRIRzmqej7bhN%2BsckZ1qZVTVxzesClYF886FXdTVeOc%3D&amp;reserved=0\" data-auth=\"NotApplicable\" data-linkindex=\"2\">Blurring the borders between research and practice: video as a tool to develop knowledge about language and empower (student) teachers in multilingual pre-school classrooms<\/a><br \/>\nAndrea S. Young &amp; Latisha Mary<br \/>\nPages: 1-12 | DOI: 10.1080\/1350293X.2021.1928720<\/p>\n<p><a href=\"https:\/\/eur04.safelinks.protection.outlook.com\/?url=http%3A%2F%2Furl310.tandfonline.com%2Fls%2Fclick%3Fupn%3Dodl8Fji2pFaByYDqV3bjGMQo8st9of2228V6AcSFNq2Y6MdAyQ17-2BnWCG-2BkDRzjf5YqYAejBtRTrfWqrA4t7XY5aIJJVSJX59OBbIXPcB7MX5NyjxZNmE8Ruu6c4Fwaoyc_-_13vmSgJjqZgmU-2FtxL09XKTNVe84sSURTenpqq-2BcJHAbHBC1Af3vxJ9oNlO5MUlPZY3L2a73Rn50Sb3GBLsn1YyPGh56QyCK9IXSu-2BrjIgWOluV-2FKNAxwwVNm9WLLTncFPNg2dsIHcW3RmrQCQ1Bj8hiLzNwWwAdd03Wq50iCxMG7dRUN4DTBaMBhOUbOzVtVL1piCS5oz-2Bjk0yaOXW7gmd7w96hel2J3c0z5vwSVSJmy3K8bKmYpZ0H38sHoz1Gw5XYmIA8UYSJSIkEUmk0-2FcMOut0v3RJ8aSUyNNR1GxQE-3D&amp;data=04%7C01%7C%7C0e130a8a56bf4f776cef08d91c4634c3%7Cd45cfa45904a497297413335dc0372b4%7C0%7C0%7C637571910128619825%7CUnknown%7CTWFpbGZsb3d8eyJWIjoiMC4wLjAwMDAiLCJQIjoiV2luMzIiLCJBTiI6Ik1haWwiLCJXVCI6Mn0%3D%7C1000&amp;sdata=vWoqU2LrIhAQ9MCA8g1gRx2x6ggZ%2FLvlmCuUe8LdcDo%3D&amp;reserved=0\" data-auth=\"NotApplicable\" data-linkindex=\"3\">Semiotic landscapes as constructions of multilingualism \u2013 a case study of two kindergartens<\/a><br \/>\nAnja Maria Pesch<br \/>\nPages: 1-18 | DOI: 10.1080\/1350293X.2021.1928725<\/p>\n<p><a href=\"https:\/\/eur04.safelinks.protection.outlook.com\/?url=http%3A%2F%2Furl310.tandfonline.com%2Fls%2Fclick%3Fupn%3Dodl8Fji2pFaByYDqV3bjGMQo8st9of2228V6AcSFNq3t86qU90pAx-2BEad4OTI0D6tGfjD5Jr0w1DsqzpFKA6b9B46rDk0H1tqHXOzVh6bUQ-3DV0t__n0N5pLfmqZDxKjffk3KIyF4e7rt5paQomVKaQBzvA0ZM5US-2BTqgcjNSJvZAsJCbcljY4wKDyAxKqR6XODVsMBEna5tIdDo4j16ihAwES-2F-2F-2BpXD-2BUT7HRyNQQHL5lJCOuEvzY6Fw79uq2S6-2BgxyumlxClpcpiAajdDhP-2FT2-2Blqxj1QcDJwGEECBV3hcUFrTs2Fxdv68O1ACK-2BFXxCI-2B07JP2-2BUOJ5rDmzeixkMvhxOS4g19FIOjBsQVSB-2B61tatM2abxQ6mU1zietdQm-2Fvu4LOL7FPvnbbmQD-2BOb6vSxCSo0-3D&amp;data=04%7C01%7C%7Cccd8b6c6964a467d877a08d930212fc1%7Cd45cfa45904a497297413335dc0372b4%7C0%7C0%7C637593741364993954%7CUnknown%7CTWFpbGZsb3d8eyJWIjoiMC4wLjAwMDAiLCJQIjoiV2luMzIiLCJBTiI6Ik1haWwiLCJXVCI6Mn0%3D%7C1000&amp;sdata=EdpcppXMNdzVmPqZZXhlj2ablmzv0OiRNblasHVAm8I%3D&amp;reserved=0\">The role of play in creating a language-conducive context in a bilingual preschool<\/a><\/p>\n<p>Mila Schwartz, Sujoud Hijazy &amp; Inas Deeb<\/p>\n<p>Pages 1-14 | DOI:\u00a0<a href=\"https:\/\/doi.org\/10.1080\/1350293X.2021.1928723\">https:\/\/doi.org\/10.1080\/1350293X.2021.1928723<\/a><\/p>\n<p><a href=\"https:\/\/eur04.safelinks.protection.outlook.com\/?url=http%3A%2F%2Furl310.tandfonline.com%2Fls%2Fclick%3Fupn%3Dodl8Fji2pFaByYDqV3bjGMQo8st9of2228V6AcSFNq2Y6MdAyQ17-2BnWCG-2BkDRzjf5YqYAejBtRTrfWqrA4t7XfrbFWMVUEgow2AOx9NO9JwKyWy3l8fQ8IIekl3x57Uluz_B_13vmSgJjqZgmU-2FtxL09XKTNVe84sSURTenpqq-2BcJHAbHBC1Af3vxJ9oNlO5MUlPZY3L2a73Rn50Sb3GBLsn1YyPGh56QyCK9IXSu-2BrjIgWPXeZqtG8fppQ3Cnuld4FTbkbOya5ShhURmQcNAmmkgPDgfwNMF5Jtyq0LuOn9xptpcibPUdJ58itiw6cV1hF5NU5E3lUNa3rOk1bqqyhKOXfgECielw9wXfYZimYGjhajod841Bc76u1kBsUas5OvanYhuWptv763QDy5-2B4UngIkE07pFNmPopQt-2F-2BzFziqSU-3D&amp;data=04%7C01%7C%7C0e130a8a56bf4f776cef08d91c4634c3%7Cd45cfa45904a497297413335dc0372b4%7C0%7C0%7C637571910128609868%7CUnknown%7CTWFpbGZsb3d8eyJWIjoiMC4wLjAwMDAiLCJQIjoiV2luMzIiLCJBTiI6Ik1haWwiLCJXVCI6Mn0%3D%7C1000&amp;sdata=HMxOEO6BLXeJ1owWMJmDlqJn8bUU01l%2B184Jx24Gshc%3D&amp;reserved=0\" data-auth=\"NotApplicable\" data-linkindex=\"6\">Newly arrived children\u2019s encounters with the cultural community of preschool<\/a>\u00a0|<br \/>\nEllinor Skaremyr<br \/>\nPages: 1-13 | DOI: 10.1080\/1350293X.2021.1928722<\/p>\n<p><a href=\"https:\/\/eur04.safelinks.protection.outlook.com\/?url=http%3A%2F%2Furl310.tandfonline.com%2Fls%2Fclick%3Fupn%3Dodl8Fji2pFaByYDqV3bjGMQo8st9of2228V6AcSFNq2Y6MdAyQ17-2BnWCG-2BkDRzjf5YqYAejBtRTrfWqrA4t7XfKTvkaEaD-2BxCj8fMORAGUbqesUmWmYBdxYQW-2FGkfo9Hp8Mb_13vmSgJjqZgmU-2FtxL09XKTNVe84sSURTenpqq-2BcJHAbHBC1Af3vxJ9oNlO5MUlPZVNKKB-2FqeKlnOkV6sFTvBPmpGXMYwGuQmmdkh-2BAW-2FnZgL6LKhFkxJ85qtTlj663gLZA6y2CBO-2F9kQbA9TyQVajaJ-2BKuszxw84rA0hxzb9ZtnitA7l-2BRH9pvMWGahMHKCyBLhT9hheOBWdVJVgZIY2b0w1ZjM6xTK5-2BkcoUzqhRNpHOXR6fCbjMvz5iVdHfrxrWIdhpsFnBwNFpWkiuNRNXDR5e-2BLubSEFT-2Bilu22JUzbWY5BDCimCy-2B629rGohBtW&amp;data=04%7C01%7C%7Ca7f703bb273a4e3eda7408d91f7e71ed%7Cd45cfa45904a497297413335dc0372b4%7C0%7C0%7C637575450206311824%7CUnknown%7CTWFpbGZsb3d8eyJWIjoiMC4wLjAwMDAiLCJQIjoiV2luMzIiLCJBTiI6Ik1haWwiLCJXVCI6Mn0%3D%7C1000&amp;sdata=qBrPM9jmPAIoZFmqVnIJ9X2Tqu9VpWs5xdm1Am527X4%3D&amp;reserved=0\" data-auth=\"NotApplicable\" data-linkindex=\"7\">Multilingual childhoods of refugee children in Icelandic preschools: educational practices and partnerships with parents<\/a><br \/>\nHanna Ragnarsd\u00f3ttir<br \/>\nPages: 1-14 | DOI: 10.1080\/1350293X.2021.1928719<\/p>\n<p><a href=\"https:\/\/eur04.safelinks.protection.outlook.com\/?url=http%3A%2F%2Furl310.tandfonline.com%2Fls%2Fclick%3Fupn%3Dodl8Fji2pFaByYDqV3bjGMQo8st9of2228V6AcSFNq2Y6MdAyQ17-2BnWCG-2BkDRzjf5YqYAejBtRTrfWqrA4t7XTJwKVGIfcgzq0zwYPK53I7X9EIfeiwJ-2FlX7CdIHa7lnPkYA_13vmSgJjqZgmU-2FtxL09XKTNVe84sSURTenpqq-2BcJHAbHBC1Af3vxJ9oNlO5MUlPZ0iqmlczlU8CFbXKrkSA9U8cdIXGof2CwLAkh0sWf5zpAiJ1NaksdXK0axmZIfJnFnKs0k5A7jk9I-2Fb-2FxRfQ5fkxL79thzpYzKgotrSmR15qMkPJcbTHeZA-2FzWMiQsMwkWA-2FxmBiXtha0CJ-2F4xU1hcTk0mrZzsd6LaIOTb98dPg52rFtPFsNxzAI1C8CjxbF0T2AG-2F87Ia03W1-2B7lEzIag1KKCBYkq6ORz9ci8hGgBN0-3D&amp;data=04%7C01%7C%7C79ad1fb0dbe44a08a0e308d92031af6d%7Cd45cfa45904a497297413335dc0372b4%7C0%7C0%7C637576220049993596%7CUnknown%7CTWFpbGZsb3d8eyJWIjoiMC4wLjAwMDAiLCJQIjoiV2luMzIiLCJBTiI6Ik1haWwiLCJXVCI6Mn0%3D%7C3000&amp;sdata=xhZAWpngcayxLOuHmDLi9O7PIeVG6BWRm2AccfgKJdw%3D&amp;reserved=0\" data-auth=\"NotApplicable\" data-linkindex=\"8\">Arabic-English bilingual children\u2019s early home literacy environments and parental language policies<\/a><br \/>\nFatma F.S. Said<br \/>\nPages: 1-17 | DOI: 10.1080\/1350293X.2021.1928724<\/p>\n<p><a href=\"https:\/\/eur04.safelinks.protection.outlook.com\/?url=http%3A%2F%2Furl310.tandfonline.com%2Fls%2Fclick%3Fupn%3Dodl8Fji2pFaByYDqV3bjGMQo8st9of2228V6AcSFNq2Y6MdAyQ17-2BnWCG-2BkDRzjf5YqYAejBtRTrfWqrA4t7XYzXddVb-2BPx6xp-2FTVD2UFveFA70EYd-2BGJN5DTIgKakr8nziC_13vmSgJjqZgmU-2FtxL09XKTNVe84sSURTenpqq-2BcJHAbHBC1Af3vxJ9oNlO5MUlPZLDLvDArjpW-2FrSG-2BsRTloimJLa1Lc5s4tCMekt5WfyCKbXCwObk5isHLVjk1ejK3av6Fa3wlXwSHWCgPeskMYL9L2rytDHDPqLL7ip50XXCZTbFAVs2LDeNEJ-2FYvhCCNZCdyNp1jbCLpKDt14VaOq2tdhwquEmO2b5IAqxu212EkeDzC-2FT-2FFxzX0kNxKV9F-2BEPWJ2F4fWpVudhKagj5S7o5kUhe3P5irzXCNv7xK8hvE-3D&amp;data=04%7C01%7C%7C380481923a4c4d775ef008d91a01bace%7Cd45cfa45904a497297413335dc0372b4%7C0%7C0%7C637569416996322030%7CUnknown%7CTWFpbGZsb3d8eyJWIjoiMC4wLjAwMDAiLCJQIjoiV2luMzIiLCJBTiI6Ik1haWwiLCJXVCI6Mn0%3D%7C1000&amp;sdata=YCfYzsxlJO18tQw3WtR41ngYhB5aLOgbFPpcoi43bSo%3D&amp;reserved=0\" data-auth=\"NotApplicable\" data-linkindex=\"9\">Why parents chose to send their children to Irish-medium immersion preschools: learning from parental choice strategies in Celtic countries<\/a><br \/>\nM\u00e1ire Mhic Mhath\u00fana &amp; Fiona Nic Fhionnlaoich<br \/>\nPages: 1-14 | DOI: 10.1080\/1350293X.2021.1928718<\/p>\n<p><a href=\"https:\/\/eur04.safelinks.protection.outlook.com\/?url=http%3A%2F%2Furl310.tandfonline.com%2Fls%2Fclick%3Fupn%3Dodl8Fji2pFaByYDqV3bjGMQo8st9of2228V6AcSFNq2Y6MdAyQ17-2BnWCG-2BkDRzjf5YqYAejBtRTrfWqrA4t7Xe4c3LwmnJG-2F1m-2FW3LvYIXmXI-2BLSp-2FDa2GvQYhzkqr5nzjjG_13vmSgJjqZgmU-2FtxL09XKTNVe84sSURTenpqq-2BcJHAbHBC1Af3vxJ9oNlO5MUlPZxCyr4Kkkj-2Fm9d7GsfICMlNY4laEsEwNKgWK4IjtIUc-2BezraHVV2qaH2790AfHYKjjReEzluDGZ1wsQbW1YLjRlwkyeHKS83GXTqrRGeNKI0idDd1h-2Boqhu7kinBjCxT-2FP8flLnxrPtO9Gzq2zgYQnW4dmbIXlAEpLQLYmi1Q9vSu5ZrayMW5V3sHLl6p35VL7LCVCQsVb-2BsxlTagcBCIN5wfTBzr26w7DJ-2BTJrvRFa5wqxDZM-2BAkGN-2BlxiKFq-2BJt&amp;data=04%7C01%7C%7C1d1ed923805b4985cf8208d92d889bb8%7Cd45cfa45904a497297413335dc0372b4%7C0%7C0%7C637590887017461349%7CUnknown%7CTWFpbGZsb3d8eyJWIjoiMC4wLjAwMDAiLCJQIjoiV2luMzIiLCJBTiI6Ik1haWwiLCJXVCI6Mn0%3D%7C1000&amp;sdata=qCFkz2bL9bBr3DJINgS63b9%2FSSndV4oBX3Ar3gkn1OE%3D&amp;reserved=0\" data-auth=\"NotApplicable\" data-linkindex=\"10\">English as a foreign language in ECE: itinerant teachers of English and collaborative practices for an integrated approach<\/a><br \/>\nSandie Mour\u00e3o<br \/>\nPages: 1-17 | DOI: 10.1080\/1350293X.2021.1928726<\/p>\n<p>&nbsp;<\/p>\n<p>&nbsp;<\/p>\n","protected":false},"excerpt":{"rendered":"<p>Pozdravljeni, vljudno vabljeni k branju posebne izdaje revije EECERJ (European Early Childhood Education Journal) z naslovom Multilingual childhoods (Ve\u010djezi\u010dna otro\u0161tva). Uvodniku, ki tematizira ve\u010djezi\u010dne teme v zgodnjem otro\u0161tvu, sledi devet \u010dlankov. Nekateri med njimi so prosto dostopni in jih lahko najdete na povezavah spodaj. Editorial Research into multilingual issues in ECEC contexts: proposing a transdisciplinary [&hellip;]<\/p>\n","protected":false},"author":10,"featured_media":0,"comment_status":"closed","ping_status":"closed","sticky":false,"template":"","format":"standard","meta":[],"categories":[233,213],"zahtevnost":[],"jeziki":[],"ciljna-skupina":[],"tema":[],"vrsta-gradiva":[],"cilj":[],"vrsta-raziskave":[],"_links":{"self":[{"href":"https:\/\/jeziki-stejejo.si\/hr\/wp-json\/wp\/v2\/posts\/6501\/"}],"collection":[{"href":"https:\/\/jeziki-stejejo.si\/hr\/wp-json\/wp\/v2\/posts\/"}],"about":[{"href":"https:\/\/jeziki-stejejo.si\/hr\/wp-json\/wp\/v2\/types\/post\/"}],"author":[{"embeddable":true,"href":"https:\/\/jeziki-stejejo.si\/hr\/wp-json\/wp\/v2\/users\/10\/"}],"replies":[{"embeddable":true,"href":"https:\/\/jeziki-stejejo.si\/hr\/wp-json\/wp\/v2\/comments\/?post=6501"}],"version-history":[{"count":2,"href":"https:\/\/jeziki-stejejo.si\/hr\/wp-json\/wp\/v2\/posts\/6501\/revisions\/"}],"predecessor-version":[{"id":6503,"href":"https:\/\/jeziki-stejejo.si\/hr\/wp-json\/wp\/v2\/posts\/6501\/revisions\/6503\/"}],"wp:attachment":[{"href":"https:\/\/jeziki-stejejo.si\/hr\/wp-json\/wp\/v2\/media\/?parent=6501"}],"wp:term":[{"taxonomy":"category","embeddable":true,"href":"https:\/\/jeziki-stejejo.si\/hr\/wp-json\/wp\/v2\/categories\/?post=6501"},{"taxonomy":"zahtevnost","embeddable":true,"href":"https:\/\/jeziki-stejejo.si\/hr\/wp-json\/wp\/v2\/zahtevnost\/?post=6501"},{"taxonomy":"jeziki","embeddable":true,"href":"https:\/\/jeziki-stejejo.si\/hr\/wp-json\/wp\/v2\/jeziki\/?post=6501"},{"taxonomy":"ciljna-skupina","embeddable":true,"href":"https:\/\/jeziki-stejejo.si\/hr\/wp-json\/wp\/v2\/ciljna-skupina\/?post=6501"},{"taxonomy":"tema","embeddable":true,"href":"https:\/\/jeziki-stejejo.si\/hr\/wp-json\/wp\/v2\/tema\/?post=6501"},{"taxonomy":"vrsta-gradiva","embeddable":true,"href":"https:\/\/jeziki-stejejo.si\/hr\/wp-json\/wp\/v2\/vrsta-gradiva\/?post=6501"},{"taxonomy":"cilj","embeddable":true,"href":"https:\/\/jeziki-stejejo.si\/hr\/wp-json\/wp\/v2\/cilj\/?post=6501"},{"taxonomy":"vrsta-raziskave","embeddable":true,"href":"https:\/\/jeziki-stejejo.si\/hr\/wp-json\/wp\/v2\/vrsta-raziskave\/?post=6501"}],"curies":[{"name":"wp","href":"https:\/\/api.w.org\/{rel}","templated":true}]}}