{"id":7498,"date":"2022-02-01T12:55:45","date_gmt":"2022-02-01T12:55:45","guid":{"rendered":"https:\/\/jeziki-stejejo.si\/?p=7498"},"modified":"2022-02-01T12:55:45","modified_gmt":"2022-02-01T12:55:45","slug":"welcoming-refugee-children-advice-and-guidance-for-schools","status":"publish","type":"post","link":"https:\/\/jeziki-stejejo.si\/hr\/welcoming-refugee-children-advice-and-guidance-for-schools\/","title":{"rendered":"Welcoming Refugee Children: Advice and Guidance for Schools"},"content":{"rendered":"<p>Tudi v Sloveniji se v VIZ sistem vklju\u010duje \u010dedalje ve\u010d begunskih otrok, njihova integracija pa malodane prina\u0161a \u0161tevilne izzive. Organizacija The Bell Foundation je zato na svoj koledar dogodkov uvrstila <strong>brezpla\u010dni webinar Welcoming Refugee Children: Advice and Guidance for Schools<\/strong>. Na njem bodo strokovnjaki \u0161olam ponudili prakti\u010dne nasvete za sprejem begunskih otrok in podporo na novo prispelih begunskih u\u010dencev. Organizatorji so osrednje teme spletnega seminarja strnili v naslednje to\u010dke:<\/p>\n<ul>\n<li>ustvarjanje celostnega \u0161olskega etosa do migracij,<\/li>\n<li>vpliv prej\u0161njih izku\u0161enj na otroke,<\/li>\n<li>izzivi preseljenih otrok iz Afghana (dobrobit in akademski uspeh),<\/li>\n<li>strategije za la\u017eji postopek integracije priseljenih dru\u017ein v \u0161olsko okolje,<\/li>\n<li>strategije za delo z u\u010denci, ki vstopajo v prvih \u0161est let srednje\u0161olskega izobra\u017eevalnega sistema v Angliji.<\/li>\n<\/ul>\n<p>Webinar bo potekal <strong>9. februarja 2022 med 17.00 in 18.00<\/strong>, nanj se lahko prijavite <a href=\"https:\/\/www.eventbrite.co.uk\/e\/welcoming-refugee-children-advice-and-guidance-for-schools-webinar-tickets-225770835647\">tukaj<\/a>.<\/p>\n","protected":false},"excerpt":{"rendered":"<p>Tudi v Sloveniji se v VIZ sistem vklju\u010duje \u010dedalje ve\u010d begunskih otrok, njihova integracija pa malodane prina\u0161a \u0161tevilne izzive. Organizacija The Bell Foundation je zato na svoj koledar dogodkov uvrstila brezpla\u010dni webinar Welcoming Refugee Children: Advice and Guidance for Schools. Na njem bodo strokovnjaki \u0161olam ponudili prakti\u010dne nasvete za sprejem begunskih otrok in podporo na [&hellip;]<\/p>\n","protected":false},"author":10,"featured_media":0,"comment_status":"closed","ping_status":"closed","sticky":false,"template":"","format":"standard","meta":[],"categories":[251,205],"zahtevnost":[],"jeziki":[],"ciljna-skupina":[],"tema":[],"vrsta-gradiva":[],"cilj":[],"vrsta-raziskave":[],"_links":{"self":[{"href":"https:\/\/jeziki-stejejo.si\/hr\/wp-json\/wp\/v2\/posts\/7498\/"}],"collection":[{"href":"https:\/\/jeziki-stejejo.si\/hr\/wp-json\/wp\/v2\/posts\/"}],"about":[{"href":"https:\/\/jeziki-stejejo.si\/hr\/wp-json\/wp\/v2\/types\/post\/"}],"author":[{"embeddable":true,"href":"https:\/\/jeziki-stejejo.si\/hr\/wp-json\/wp\/v2\/users\/10\/"}],"replies":[{"embeddable":true,"href":"https:\/\/jeziki-stejejo.si\/hr\/wp-json\/wp\/v2\/comments\/?post=7498"}],"version-history":[{"count":1,"href":"https:\/\/jeziki-stejejo.si\/hr\/wp-json\/wp\/v2\/posts\/7498\/revisions\/"}],"predecessor-version":[{"id":7499,"href":"https:\/\/jeziki-stejejo.si\/hr\/wp-json\/wp\/v2\/posts\/7498\/revisions\/7499\/"}],"wp:attachment":[{"href":"https:\/\/jeziki-stejejo.si\/hr\/wp-json\/wp\/v2\/media\/?parent=7498"}],"wp:term":[{"taxonomy":"category","embeddable":true,"href":"https:\/\/jeziki-stejejo.si\/hr\/wp-json\/wp\/v2\/categories\/?post=7498"},{"taxonomy":"zahtevnost","embeddable":true,"href":"https:\/\/jeziki-stejejo.si\/hr\/wp-json\/wp\/v2\/zahtevnost\/?post=7498"},{"taxonomy":"jeziki","embeddable":true,"href":"https:\/\/jeziki-stejejo.si\/hr\/wp-json\/wp\/v2\/jeziki\/?post=7498"},{"taxonomy":"ciljna-skupina","embeddable":true,"href":"https:\/\/jeziki-stejejo.si\/hr\/wp-json\/wp\/v2\/ciljna-skupina\/?post=7498"},{"taxonomy":"tema","embeddable":true,"href":"https:\/\/jeziki-stejejo.si\/hr\/wp-json\/wp\/v2\/tema\/?post=7498"},{"taxonomy":"vrsta-gradiva","embeddable":true,"href":"https:\/\/jeziki-stejejo.si\/hr\/wp-json\/wp\/v2\/vrsta-gradiva\/?post=7498"},{"taxonomy":"cilj","embeddable":true,"href":"https:\/\/jeziki-stejejo.si\/hr\/wp-json\/wp\/v2\/cilj\/?post=7498"},{"taxonomy":"vrsta-raziskave","embeddable":true,"href":"https:\/\/jeziki-stejejo.si\/hr\/wp-json\/wp\/v2\/vrsta-raziskave\/?post=7498"}],"curies":[{"name":"wp","href":"https:\/\/api.w.org\/{rel}","templated":true}]}}