{"id":8121,"date":"2022-09-16T10:27:35","date_gmt":"2022-09-16T10:27:35","guid":{"rendered":"https:\/\/jeziki-stejejo.si\/?p=8121"},"modified":"2022-09-16T10:27:35","modified_gmt":"2022-09-16T10:27:35","slug":"ecml-webinar","status":"publish","type":"post","link":"https:\/\/jeziki-stejejo.si\/hr\/ecml-webinar\/","title":{"rendered":"ECML Webinar"},"content":{"rendered":"<div>Pozdravljeni,<\/div>\n<div>\n<div><\/div>\n<div>vljudno vas vabimo k prebiranju novosti in zanimivosti glasila Evropskega centra za moderne jezike za obdobje september-oktober 2022:<\/div>\n<div><strong><a tabindex=\"-1\" title=\"https:\/\/www.europeanml.at\/news\/newsletter\/gazette61\/tabid\/5576\/language\/en-gb\/default.aspx\" href=\"https:\/\/www.europeanml.at\/News\/Newsletter\/Gazette61\/tabid\/5576\/language\/en-GB\/Default.aspx\" target=\"_blank\" rel=\"noopener noreferrer\" data-auth=\"NotApplicable\" data-linkindex=\"0\">European Language Gazette no. 61<\/a>.<\/strong><\/div>\n<div><\/div>\n<div>Obenem pa vas lepo vabimo tudi, da se udele\u017eite za na\u0161 projekt zelo relevantnega\u00a0<strong>webinarja<\/strong>, ki ga organizira Evropski center za moderne jezike (ECMJ\/ECML) v sodelovanju s prof. Davidom Littlom z naslovom\u00a0<strong>&#8220;Novo priporo\u010dilo Sveta Evrope o jezikovnem izobra\u017eevanju: opredelitev ve\u010djezi\u010dnega in medkulturnega izobra\u017eevanja&#8221;<\/strong>\u00a0(&#8220;A new Council of Europe Recommendation on language education: defining plurilingual and intercultural education&#8221;).<\/div>\n<div><\/div>\n<div>Webinar bo potekal v<strong>\u00a0petek, 23. 9. 2022,<\/strong>\u00a0s pri\u010detkom ob\u00a0<strong>16.00<\/strong>. Ve\u010d informacij o vsebini ter spletno prijavnico najdete tule:\u00a0<a tabindex=\"-1\" title=\"https:\/\/www.ecml.at\/resources\/webinars\/tabid\/5456\/default.aspx\" href=\"https:\/\/www.ecml.at\/Resources\/Webinars\/tabid\/5456\/Default.aspx\" target=\"_blank\" rel=\"noopener noreferrer\" data-auth=\"NotApplicable\" data-linkindex=\"1\">https:\/\/www.ecml.at\/Resources\/Webinars\/tabid\/5456\/Default.aspx<\/a>. Udele\u017eba na webinarju je brezpla\u010dna.<\/div>\n<div><\/div>\n<p>Vabljeni, da informacijo delite tudi med svojimi kolegi!<\/p><\/div>\n","protected":false},"excerpt":{"rendered":"<p>Pozdravljeni, vljudno vas vabimo k prebiranju novosti in zanimivosti glasila Evropskega centra za moderne jezike za obdobje september-oktober 2022: European Language Gazette no. 61. Obenem pa vas lepo vabimo tudi, da se udele\u017eite za na\u0161 projekt zelo relevantnega\u00a0webinarja, ki ga organizira Evropski center za moderne jezike (ECMJ\/ECML) v sodelovanju s prof. Davidom Littlom z naslovom\u00a0&#8220;Novo [&hellip;]<\/p>\n","protected":false},"author":10,"featured_media":0,"comment_status":"closed","ping_status":"closed","sticky":false,"template":"","format":"standard","meta":[],"categories":[823,213,205],"zahtevnost":[],"jeziki":[],"ciljna-skupina":[],"tema":[],"vrsta-gradiva":[],"cilj":[],"vrsta-raziskave":[],"_links":{"self":[{"href":"https:\/\/jeziki-stejejo.si\/hr\/wp-json\/wp\/v2\/posts\/8121\/"}],"collection":[{"href":"https:\/\/jeziki-stejejo.si\/hr\/wp-json\/wp\/v2\/posts\/"}],"about":[{"href":"https:\/\/jeziki-stejejo.si\/hr\/wp-json\/wp\/v2\/types\/post\/"}],"author":[{"embeddable":true,"href":"https:\/\/jeziki-stejejo.si\/hr\/wp-json\/wp\/v2\/users\/10\/"}],"replies":[{"embeddable":true,"href":"https:\/\/jeziki-stejejo.si\/hr\/wp-json\/wp\/v2\/comments\/?post=8121"}],"version-history":[{"count":1,"href":"https:\/\/jeziki-stejejo.si\/hr\/wp-json\/wp\/v2\/posts\/8121\/revisions\/"}],"predecessor-version":[{"id":8122,"href":"https:\/\/jeziki-stejejo.si\/hr\/wp-json\/wp\/v2\/posts\/8121\/revisions\/8122\/"}],"wp:attachment":[{"href":"https:\/\/jeziki-stejejo.si\/hr\/wp-json\/wp\/v2\/media\/?parent=8121"}],"wp:term":[{"taxonomy":"category","embeddable":true,"href":"https:\/\/jeziki-stejejo.si\/hr\/wp-json\/wp\/v2\/categories\/?post=8121"},{"taxonomy":"zahtevnost","embeddable":true,"href":"https:\/\/jeziki-stejejo.si\/hr\/wp-json\/wp\/v2\/zahtevnost\/?post=8121"},{"taxonomy":"jeziki","embeddable":true,"href":"https:\/\/jeziki-stejejo.si\/hr\/wp-json\/wp\/v2\/jeziki\/?post=8121"},{"taxonomy":"ciljna-skupina","embeddable":true,"href":"https:\/\/jeziki-stejejo.si\/hr\/wp-json\/wp\/v2\/ciljna-skupina\/?post=8121"},{"taxonomy":"tema","embeddable":true,"href":"https:\/\/jeziki-stejejo.si\/hr\/wp-json\/wp\/v2\/tema\/?post=8121"},{"taxonomy":"vrsta-gradiva","embeddable":true,"href":"https:\/\/jeziki-stejejo.si\/hr\/wp-json\/wp\/v2\/vrsta-gradiva\/?post=8121"},{"taxonomy":"cilj","embeddable":true,"href":"https:\/\/jeziki-stejejo.si\/hr\/wp-json\/wp\/v2\/cilj\/?post=8121"},{"taxonomy":"vrsta-raziskave","embeddable":true,"href":"https:\/\/jeziki-stejejo.si\/hr\/wp-json\/wp\/v2\/vrsta-raziskave\/?post=8121"}],"curies":[{"name":"wp","href":"https:\/\/api.w.org\/{rel}","templated":true}]}}