{"id":5996,"date":"2020-09-24T08:42:08","date_gmt":"2020-09-24T08:42:08","guid":{"rendered":"http:\/\/www.jeziki-stejejo.si\/?p=5996"},"modified":"2020-09-24T08:47:07","modified_gmt":"2020-09-24T08:47:07","slug":"5996","status":"publish","type":"post","link":"https:\/\/jeziki-stejejo.si\/hu\/5996\/","title":{"rendered":"Konferenca EDJ 2020 &#8216;Education begins with language&#8217;"},"content":{"rendered":"<p>Z namenom obele\u017eitve leto\u0161njega evropskega dneva jezikov tudi Evropska komisija na\u010drtuje spletni dogodek, ki bo potekal v ponedeljek 28. septembra 2020. Dogodek z naslovom \u201cEducation begins with language\u201d\u2013 IZOBRA\u017dEVANJE SE ZA\u010cNE Z JEZIKOM, bo sicer potekal v Bruslju. Prav lepo vabljeni, da se ga udele\u017eite preko spleta!<\/p>\n<p>Konferenca bo potekala od 10. do 12. ure, ob 14.00 uri pa bo Evropska komisija premierno pokazala video, ki izpostavlja jezikovne projekte, ki so prejeli Evropsko jezikovno priznanje ali bili financirani v okviru programa Erasmus+. Slednji bo organiziran kot 30-minutni YouTube dogodek.<\/p>\n<p>Prijave so mo\u017ene do vklju\u010dno \u010detrtka, 24. 9. 2020, na naslednji povezavi: <a href=\"https:\/\/ec.europa.eu\/education\/events\/european-day-of-languages-2020_en\">https:\/\/ec.europa.eu\/education\/events\/european-day-of-languages-2020_en<\/a>.<\/p>\n<p>Vsi, ki si \u017eelite prisostvovati na spletnemu dogodku, si morate ustvariti EU login ra\u010dun preko naslednje povezave (\u010de ga seveda \u0161e nimate):<\/p>\n<p><a href=\"https:\/\/webgate.ec.europa.eu\/cas\/login?loginRequestId=ECAS_LR-41176611-duyfuzzTuLy4JgNujWAGjGycd1Ro045XbsuTVEdZ5uv2pBYi0pzGyLTBNXX7J0PKyxd0TPhBdSxseNxFduMlrN0-jpJZscgsw0KCWqPiLyEtUG-OMhoCsLld4y1o3zziJ0DTyhX42ANJXx6noSX0hV3ozjL8errV4xfj43itFJTDSzYht6zsBWhrmItvZtMRECbC6v\">https:\/\/webgate.ec.europa.eu\/cas\/login?loginRequestId=ECAS_LR-41176611-duyfuzzTuLy4JgNujWAGjGycd1Ro045XbsuTVEdZ5uv2pBYi0pzGyLTBNXX7J0PKyxd0TPhBdSxseNxFduMlrN0-jpJZscgsw0KCWqPiLyEtUG-OMhoCsLld4y1o3zziJ0DTyhX42ANJXx6noSX0hV3ozjL8errV4xfj43itFJTDSzYht6zsBWhrmItvZtMRECbC6v<\/a>.<\/p>\n<p>&nbsp;<\/p>\n","protected":false},"excerpt":{"rendered":"<p>Z namenom obele\u017eitve leto\u0161njega evropskega dneva jezikov tudi Evropska komisija na\u010drtuje spletni dogodek, ki bo potekal v ponedeljek 28. septembra 2020. Dogodek z naslovom \u201cEducation begins with language\u201d\u2013 IZOBRA\u017dEVANJE SE ZA\u010cNE Z JEZIKOM, bo sicer potekal v Bruslju. Prav lepo vabljeni, da se ga udele\u017eite preko spleta! Konferenca bo potekala od 10. do 12. ure, [&hellip;]<\/p>\n","protected":false},"author":39,"featured_media":0,"comment_status":"closed","ping_status":"closed","sticky":false,"template":"","format":"standard","meta":[],"categories":[832,703,691,186,766,697,556],"zahtevnost":[],"jeziki":[],"ciljna-skupina":[],"tema":[],"vrsta-gradiva":[],"cilj":[],"vrsta-raziskave":[],"_links":{"self":[{"href":"https:\/\/jeziki-stejejo.si\/hu\/wp-json\/wp\/v2\/posts\/5996\/"}],"collection":[{"href":"https:\/\/jeziki-stejejo.si\/hu\/wp-json\/wp\/v2\/posts\/"}],"about":[{"href":"https:\/\/jeziki-stejejo.si\/hu\/wp-json\/wp\/v2\/types\/post\/"}],"author":[{"embeddable":true,"href":"https:\/\/jeziki-stejejo.si\/hu\/wp-json\/wp\/v2\/users\/39\/"}],"replies":[{"embeddable":true,"href":"https:\/\/jeziki-stejejo.si\/hu\/wp-json\/wp\/v2\/comments\/?post=5996"}],"version-history":[{"count":5,"href":"https:\/\/jeziki-stejejo.si\/hu\/wp-json\/wp\/v2\/posts\/5996\/revisions\/"}],"predecessor-version":[{"id":6002,"href":"https:\/\/jeziki-stejejo.si\/hu\/wp-json\/wp\/v2\/posts\/5996\/revisions\/6002\/"}],"wp:attachment":[{"href":"https:\/\/jeziki-stejejo.si\/hu\/wp-json\/wp\/v2\/media\/?parent=5996"}],"wp:term":[{"taxonomy":"category","embeddable":true,"href":"https:\/\/jeziki-stejejo.si\/hu\/wp-json\/wp\/v2\/categories\/?post=5996"},{"taxonomy":"zahtevnost","embeddable":true,"href":"https:\/\/jeziki-stejejo.si\/hu\/wp-json\/wp\/v2\/zahtevnost\/?post=5996"},{"taxonomy":"jeziki","embeddable":true,"href":"https:\/\/jeziki-stejejo.si\/hu\/wp-json\/wp\/v2\/jeziki\/?post=5996"},{"taxonomy":"ciljna-skupina","embeddable":true,"href":"https:\/\/jeziki-stejejo.si\/hu\/wp-json\/wp\/v2\/ciljna-skupina\/?post=5996"},{"taxonomy":"tema","embeddable":true,"href":"https:\/\/jeziki-stejejo.si\/hu\/wp-json\/wp\/v2\/tema\/?post=5996"},{"taxonomy":"vrsta-gradiva","embeddable":true,"href":"https:\/\/jeziki-stejejo.si\/hu\/wp-json\/wp\/v2\/vrsta-gradiva\/?post=5996"},{"taxonomy":"cilj","embeddable":true,"href":"https:\/\/jeziki-stejejo.si\/hu\/wp-json\/wp\/v2\/cilj\/?post=5996"},{"taxonomy":"vrsta-raziskave","embeddable":true,"href":"https:\/\/jeziki-stejejo.si\/hu\/wp-json\/wp\/v2\/vrsta-raziskave\/?post=5996"}],"curies":[{"name":"wp","href":"https:\/\/api.w.org\/{rel}","templated":true}]}}