{"id":6318,"date":"2021-03-15T16:05:01","date_gmt":"2021-03-15T16:05:01","guid":{"rendered":"https:\/\/www.jeziki-stejejo.si\/?p=6318"},"modified":"2021-03-23T14:48:45","modified_gmt":"2021-03-23T14:48:45","slug":"pomemebna-vest-izsel-prirocnik-jeziki-stejejo","status":"publish","type":"post","link":"https:\/\/jeziki-stejejo.si\/hu\/pomemebna-vest-izsel-prirocnik-jeziki-stejejo\/","title":{"rendered":"POMEMEBNA VEST: iz\u0161el priro\u010dnik Jeziki \u0161tejejo"},"content":{"rendered":"<div data-tid=\"messageBodyContainer\">\n<div data-tid=\"messageBodyContent\">\n<div>\n<p>Obve\u0161\u010damo vas, da so na\u0161e projektne sodelavke in sodelavci s Pedago\u0161ke fakultete Univerze na Primorskem in Znanstveno-raziskovalnega centra v Kopru v sodelovanju s partnerskimi \u0161olami iz regijskega tima Zahodne Slovenije izdali spletno verzijo priro\u010dnika JEZIKI \u0160TEJEJO \u2013 priro\u010dnik dobre prakse; v kratkem pa bo izdana tudi tiskana verzija. Priro\u010dnik z velikim veseljem delimo z vami ter vas lepo vabimo k branju: <strong><a style=\"color: #151515;\" href=\"https:\/\/www.jeziki-stejejo.si\/wp-content\/uploads\/2021\/03\/Priro\u010dnik-JE\u0160T_Spletna-izdaja-kon\u010dna.pdf\">Priro\u010dnik JE\u0160T_Spletna izdaja<\/a><\/strong><\/p>\n<p>Gre za velik dose\u017eek, ki predstavlja pomemben korak na podro\u010dju ve\u010djezi\u010dnosti in ki bo v veliko pomo\u010d slovenskim u\u010diteljicam in u\u010diteljem pri vklju\u010devanju ve\u010djezi\u010dnosti pri njihovem pouku, tako pri jezikovnih kot tudi nejezikovnih predmetih. Veselimo se tudi drugih gradiv na\u0161ih partnerskih \u0161ol in vrtcev, ki bodo objavljena na portal.<\/p>\n<p>Sodelavkam s Pedago\u0161ke fakultete Univerze na Primorskem in Znanstveno-raziskovalnega centra v Kopru ter sodelavkam, sodelavcem ter u\u010denkam in u\u010dencem s partnerskih \u0161ol iz regijskega tima Zahodne Slovenije za odli\u010dno opravljeno delo iskreno \u010destitamo!<\/p>\n<\/div>\n<\/div>\n<\/div>\n","protected":false},"excerpt":{"rendered":"<p>Obve\u0161\u010damo vas, da so na\u0161e projektne sodelavke in sodelavci s Pedago\u0161ke fakultete Univerze na Primorskem in Znanstveno-raziskovalnega centra v Kopru v sodelovanju s partnerskimi \u0161olami iz regijskega tima Zahodne Slovenije izdali spletno verzijo priro\u010dnika JEZIKI \u0160TEJEJO \u2013 priro\u010dnik dobre prakse; v kratkem pa bo izdana tudi tiskana verzija. Priro\u010dnik z velikim veseljem delimo z vami [&hellip;]<\/p>\n","protected":false},"author":39,"featured_media":0,"comment_status":"closed","ping_status":"closed","sticky":false,"template":"","format":"standard","meta":[],"categories":[691,186,689,672],"zahtevnost":[],"jeziki":[],"ciljna-skupina":[],"tema":[],"vrsta-gradiva":[],"cilj":[],"vrsta-raziskave":[],"_links":{"self":[{"href":"https:\/\/jeziki-stejejo.si\/hu\/wp-json\/wp\/v2\/posts\/6318\/"}],"collection":[{"href":"https:\/\/jeziki-stejejo.si\/hu\/wp-json\/wp\/v2\/posts\/"}],"about":[{"href":"https:\/\/jeziki-stejejo.si\/hu\/wp-json\/wp\/v2\/types\/post\/"}],"author":[{"embeddable":true,"href":"https:\/\/jeziki-stejejo.si\/hu\/wp-json\/wp\/v2\/users\/39\/"}],"replies":[{"embeddable":true,"href":"https:\/\/jeziki-stejejo.si\/hu\/wp-json\/wp\/v2\/comments\/?post=6318"}],"version-history":[{"count":4,"href":"https:\/\/jeziki-stejejo.si\/hu\/wp-json\/wp\/v2\/posts\/6318\/revisions\/"}],"predecessor-version":[{"id":6330,"href":"https:\/\/jeziki-stejejo.si\/hu\/wp-json\/wp\/v2\/posts\/6318\/revisions\/6330\/"}],"wp:attachment":[{"href":"https:\/\/jeziki-stejejo.si\/hu\/wp-json\/wp\/v2\/media\/?parent=6318"}],"wp:term":[{"taxonomy":"category","embeddable":true,"href":"https:\/\/jeziki-stejejo.si\/hu\/wp-json\/wp\/v2\/categories\/?post=6318"},{"taxonomy":"zahtevnost","embeddable":true,"href":"https:\/\/jeziki-stejejo.si\/hu\/wp-json\/wp\/v2\/zahtevnost\/?post=6318"},{"taxonomy":"jeziki","embeddable":true,"href":"https:\/\/jeziki-stejejo.si\/hu\/wp-json\/wp\/v2\/jeziki\/?post=6318"},{"taxonomy":"ciljna-skupina","embeddable":true,"href":"https:\/\/jeziki-stejejo.si\/hu\/wp-json\/wp\/v2\/ciljna-skupina\/?post=6318"},{"taxonomy":"tema","embeddable":true,"href":"https:\/\/jeziki-stejejo.si\/hu\/wp-json\/wp\/v2\/tema\/?post=6318"},{"taxonomy":"vrsta-gradiva","embeddable":true,"href":"https:\/\/jeziki-stejejo.si\/hu\/wp-json\/wp\/v2\/vrsta-gradiva\/?post=6318"},{"taxonomy":"cilj","embeddable":true,"href":"https:\/\/jeziki-stejejo.si\/hu\/wp-json\/wp\/v2\/cilj\/?post=6318"},{"taxonomy":"vrsta-raziskave","embeddable":true,"href":"https:\/\/jeziki-stejejo.si\/hu\/wp-json\/wp\/v2\/vrsta-raziskave\/?post=6318"}],"curies":[{"name":"wp","href":"https:\/\/api.w.org\/{rel}","templated":true}]}}