{"id":6624,"date":"2021-09-21T13:06:35","date_gmt":"2021-09-21T13:06:35","guid":{"rendered":"https:\/\/www.jeziki-stejejo.si\/?p=6624"},"modified":"2021-09-21T13:06:35","modified_gmt":"2021-09-21T13:06:35","slug":"webinar-tesol-ohranjanje-razumljivosti-izgovorjave-v-mednarodnem-kontekstu","status":"publish","type":"post","link":"https:\/\/jeziki-stejejo.si\/hu\/webinar-tesol-ohranjanje-razumljivosti-izgovorjave-v-mednarodnem-kontekstu\/","title":{"rendered":"Webinar TESOL: Ohranjanje razumljivosti izgovorjave v mednarodnem kontekstu"},"content":{"rendered":"<p>Mednarodna organizacija TESOL vabi k udele\u017ebi na brezpla\u010dnem webinarju <b><i>Maintaining pronunciation intelligibility in international settings: What teachers and researchers should know (Ohranjanje razumljivosti izgovorjave v mednarodnem kontekstu &#8211; kar naj bi vedel vsak u\u010ditelj in raziskovalec)<\/i><\/b>, ki bo potekal v sredo, <b>6. oktobra 2021,<\/b> med 18. in 19. uro, preko platforme Zoom.<\/p>\n<p>Angle\u0161\u010dina je danes v svetu poznana kot lingua franca, najpogosteje uporabljen jezik. To pomeni, da bi morala mednarodno razumljiva izgovorjava postati pomemben kon\u010dni cilj \u0161tevilnih govorcev angle\u0161\u010dine, kar bo tudi osrednja tema webinarja, na katerem bo tudi predstavljen pregled najpomembnej\u0161ih znanstvenih dognanj, ki se dotikajo problematike ohranjanja razumljivosti govorca v mednarodnem kontekstu.<\/p>\n<p>Ve\u010d informacij o webinarju in prijavni obrazec najdete <u><a tabindex=\"-1\" title=\"https:\/\/zoom.us\/meeting\/register\/tjaudoivrziohtcyzz7m9xwtf_wnij_a8qav\" href=\"https:\/\/zoom.us\/meeting\/register\/tJAudOivrzIoHtCYzz7m9xWTf_WnIJ_a8qaV\" target=\"_blank\" rel=\"noreferrer noopener\">tukaj<\/a><\/u>. Vabljeni, da se pridru\u017eite!<\/p>\n","protected":false},"excerpt":{"rendered":"<p>Mednarodna organizacija TESOL vabi k udele\u017ebi na brezpla\u010dnem webinarju Maintaining pronunciation intelligibility in international settings: What teachers and researchers should know (Ohranjanje razumljivosti izgovorjave v mednarodnem kontekstu &#8211; kar naj bi vedel vsak u\u010ditelj in raziskovalec), ki bo potekal v sredo, 6. oktobra 2021, med 18. in 19. uro, preko platforme Zoom. Angle\u0161\u010dina je danes [&hellip;]<\/p>\n","protected":false},"author":39,"featured_media":0,"comment_status":"closed","ping_status":"closed","sticky":false,"template":"","format":"standard","meta":[],"categories":[766,556],"zahtevnost":[],"jeziki":[],"ciljna-skupina":[],"tema":[],"vrsta-gradiva":[],"cilj":[],"vrsta-raziskave":[],"_links":{"self":[{"href":"https:\/\/jeziki-stejejo.si\/hu\/wp-json\/wp\/v2\/posts\/6624\/"}],"collection":[{"href":"https:\/\/jeziki-stejejo.si\/hu\/wp-json\/wp\/v2\/posts\/"}],"about":[{"href":"https:\/\/jeziki-stejejo.si\/hu\/wp-json\/wp\/v2\/types\/post\/"}],"author":[{"embeddable":true,"href":"https:\/\/jeziki-stejejo.si\/hu\/wp-json\/wp\/v2\/users\/39\/"}],"replies":[{"embeddable":true,"href":"https:\/\/jeziki-stejejo.si\/hu\/wp-json\/wp\/v2\/comments\/?post=6624"}],"version-history":[{"count":1,"href":"https:\/\/jeziki-stejejo.si\/hu\/wp-json\/wp\/v2\/posts\/6624\/revisions\/"}],"predecessor-version":[{"id":6625,"href":"https:\/\/jeziki-stejejo.si\/hu\/wp-json\/wp\/v2\/posts\/6624\/revisions\/6625\/"}],"wp:attachment":[{"href":"https:\/\/jeziki-stejejo.si\/hu\/wp-json\/wp\/v2\/media\/?parent=6624"}],"wp:term":[{"taxonomy":"category","embeddable":true,"href":"https:\/\/jeziki-stejejo.si\/hu\/wp-json\/wp\/v2\/categories\/?post=6624"},{"taxonomy":"zahtevnost","embeddable":true,"href":"https:\/\/jeziki-stejejo.si\/hu\/wp-json\/wp\/v2\/zahtevnost\/?post=6624"},{"taxonomy":"jeziki","embeddable":true,"href":"https:\/\/jeziki-stejejo.si\/hu\/wp-json\/wp\/v2\/jeziki\/?post=6624"},{"taxonomy":"ciljna-skupina","embeddable":true,"href":"https:\/\/jeziki-stejejo.si\/hu\/wp-json\/wp\/v2\/ciljna-skupina\/?post=6624"},{"taxonomy":"tema","embeddable":true,"href":"https:\/\/jeziki-stejejo.si\/hu\/wp-json\/wp\/v2\/tema\/?post=6624"},{"taxonomy":"vrsta-gradiva","embeddable":true,"href":"https:\/\/jeziki-stejejo.si\/hu\/wp-json\/wp\/v2\/vrsta-gradiva\/?post=6624"},{"taxonomy":"cilj","embeddable":true,"href":"https:\/\/jeziki-stejejo.si\/hu\/wp-json\/wp\/v2\/cilj\/?post=6624"},{"taxonomy":"vrsta-raziskave","embeddable":true,"href":"https:\/\/jeziki-stejejo.si\/hu\/wp-json\/wp\/v2\/vrsta-raziskave\/?post=6624"}],"curies":[{"name":"wp","href":"https:\/\/api.w.org\/{rel}","templated":true}]}}